{"id":6610,"date":"2025-03-10T09:50:56","date_gmt":"2025-03-10T08:50:56","guid":{"rendered":"https:\/\/spectrumseurope.com\/?p=6610"},"modified":"2025-06-24T08:38:52","modified_gmt":"2025-06-24T06:38:52","slug":"notre-laboratoire-desormais-certifie-ab","status":"publish","type":"post","link":"https:\/\/spectrumseurope.com\/fr\/notre-laboratoire-desormais-certifie-ab\/","title":{"rendered":"Notre laboratoire d\u00e9sormais certifi\u00e9 AB"},"content":{"rendered":"\n<figure class=\"wp-block-image size-large\"><img loading=\"lazy\" decoding=\"async\" width=\"1024\" height=\"179\" src=\"https:\/\/spectrumseurope.com\/wp-content\/uploads\/Banner-Certif-BIO-1320x240-1-1024x179.png\" alt=\"\" class=\"wp-image-6611\" srcset=\"https:\/\/spectrumseurope.com\/wp-content\/uploads\/Banner-Certif-BIO-1320x240-1-1024x179.png 1024w, https:\/\/spectrumseurope.com\/wp-content\/uploads\/Banner-Certif-BIO-1320x240-1-300x53.png 300w, https:\/\/spectrumseurope.com\/wp-content\/uploads\/Banner-Certif-BIO-1320x240-1-768x135.png 768w, https:\/\/spectrumseurope.com\/wp-content\/uploads\/Banner-Certif-BIO-1320x240-1-280x49.png 280w, https:\/\/spectrumseurope.com\/wp-content\/uploads\/Banner-Certif-BIO-1320x240-1.png 1370w\" sizes=\"auto, (max-width: 1024px) 100vw, 1024px\" \/><\/figure>\n\n\n\n<h1 class=\"wp-block-heading\">Notre laboratoire d\u00e9sormais certifi\u00e9 AB<\/h1>\n\n\n\n<p><strong><a href=\"https:\/\/spectrumseurope.com\/fr\/notre-laboratoire\/\">Notre laboratoire<\/a> a re\u00e7u la certification AB actant ainsi sa capacit\u00e9 \u00e0 fabriquer des produits biologiques au sens du nouveau r\u00e8glement europ\u00e9en (UE) 2018\/848. Cette certification s\u2019inscrit dans notre d\u00e9marche visant \u00e0 soutenir avec agilit\u00e9 les acteurs de la nutraceutique engag\u00e9s pour le respect de l\u2019environnement et de la protection du climat, de la biodiversit\u00e9, de la sant\u00e9 humaine et du bien-\u00eatre animal.<\/strong><\/p>\n\n\n\n<!--more-->\n\n\n\n<p><\/p>\n\n\n\n<h2 class=\"wp-block-heading\">A propos du logo AB<\/h2>\n\n\n\n<p>Cr\u00e9\u00e9 en 1985 par l\u2019\u00e9tat fran\u00e7ais, le logo AB fait suite \u00e0 une reconnaissance officielle de l\u2019agriculture biologique comme agriculture sp\u00e9cifique. Celle-ci s\u2019engage sur plusieurs axes majeurs : respect du bien-\u00eatre animal (acc\u00e8s \u00e0 l\u2019ext\u00e9rieur, limitation de la densit\u00e9, alimentation bio, pr\u00e9vention des maladies), non-recours aux produits chimiques de synth\u00e8se et aux OGM, et transformation respectueuse des qualit\u00e9s nutritionnelles des mati\u00e8res premi\u00e8res (proc\u00e9d\u00e9s m\u00e9caniques et physiques, limitation drastique des additifs). Ainsi, elle propose des produits plus naturels, tout en prot\u00e9geant la biodiversit\u00e9 et la sant\u00e9 des consommateurs.<\/p>\n\n\n\n<h2 class=\"wp-block-heading\">Solutions de nutraceutiques biologiques sur mesure<\/h2>\n\n\n\n<p>La certification biologique participe de davantage de transparence dans un mouvement o\u00f9 la sant\u00e9 holistique, la cr\u00e9ation de valeur durable et la nutraceutique d\u2019origine v\u00e9g\u00e9tale sont indissociablement connect\u00e9s.<br>C\u2019est la raison pour laquelle, dans le d\u00e9veloppement de vos projets, quelle que soit l\u2019application recherch\u00e9e (la digestion, la vitalit\u00e9, l\u2019immunit\u00e9, la modulation du stress, l\u2019am\u00e9lioration du sommeil ou la beaut\u00e9\u2026), nos experts vous accompagnent dans l\u2019identifications des meilleurs ingr\u00e9dients biologiques et l\u2019\u00e9laboration de vos formules.<br>Vous avez un projet&nbsp;? <a href=\"https:\/\/spectrumseurope.com\/contact\/\">Contactez-nous<\/a>.<\/p>\n","protected":false},"excerpt":{"rendered":"<p>Notre laboratoire d\u00e9sormais certifi\u00e9 AB Notre laboratoire a re\u00e7u la certification AB actant ainsi sa capacit\u00e9 \u00e0 fabriquer des produits biologiques au sens du nouveau r\u00e8glement europ\u00e9en (UE) 2018\/848. Cette certification s\u2019inscrit dans notre d\u00e9marche visant \u00e0 soutenir avec agilit\u00e9 les acteurs de la nutraceutique engag\u00e9s pour le respect de l\u2019environnement et de la protection<\/p>\n","protected":false},"author":1,"featured_media":6617,"comment_status":"closed","ping_status":"open","sticky":false,"template":"","format":"standard","meta":{"footnotes":""},"categories":[69,65,47,40],"tags":[131,130,97,113],"class_list":["post-6610","post","type-post","status-publish","format-standard","has-post-thumbnail","hentry","category-actualites","category-fa-f3","category-fa-parent","category-fa-pb","tag-beaute","tag-bien-etre","tag-feed","tag-nutraceutique"],"yoast_head":"<!-- This site is optimized with the Yoast SEO plugin v27.5 - https:\/\/yoast.com\/product\/yoast-seo-wordpress\/ -->\n<title>Notre laboratoire d\u00e9sormais certifi\u00e9 AB - Spectrums Europe<\/title>\n<meta name=\"robots\" content=\"index, follow, max-snippet:-1, max-image-preview:large, max-video-preview:-1\" \/>\n<link rel=\"canonical\" href=\"https:\/\/spectrumseurope.com\/fr\/notre-laboratoire-desormais-certifie-ab\/\" \/>\n<meta property=\"og:locale\" content=\"fr_FR\" \/>\n<meta property=\"og:type\" content=\"article\" \/>\n<meta property=\"og:title\" content=\"Notre laboratoire d\u00e9sormais certifi\u00e9 AB - Spectrums Europe\" \/>\n<meta property=\"og:description\" content=\"Notre laboratoire d\u00e9sormais certifi\u00e9 AB Notre laboratoire a re\u00e7u la certification AB actant ainsi sa capacit\u00e9 \u00e0 fabriquer des produits biologiques au sens du nouveau r\u00e8glement europ\u00e9en (UE) 2018\/848. Cette certification s\u2019inscrit dans notre d\u00e9marche visant \u00e0 soutenir avec agilit\u00e9 les acteurs de la nutraceutique engag\u00e9s pour le respect de l\u2019environnement et de la protection\" \/>\n<meta property=\"og:url\" content=\"https:\/\/spectrumseurope.com\/fr\/notre-laboratoire-desormais-certifie-ab\/\" \/>\n<meta property=\"og:site_name\" content=\"Spectrums Europe\" \/>\n<meta property=\"article:published_time\" content=\"2025-03-10T08:50:56+00:00\" \/>\n<meta property=\"article:modified_time\" content=\"2025-06-24T06:38:52+00:00\" \/>\n<meta property=\"og:image\" content=\"https:\/\/spectrumseurope.com\/wp-content\/uploads\/SPECTRUMS_Mosaique_Bio_327x327px_02-320x320_c.png\" \/>\n\t<meta property=\"og:image:width\" content=\"320\" \/>\n\t<meta property=\"og:image:height\" content=\"320\" \/>\n\t<meta property=\"og:image:type\" content=\"image\/png\" \/>\n<meta name=\"author\" content=\"gbarjou\" \/>\n<meta name=\"twitter:card\" content=\"summary_large_image\" \/>\n<meta name=\"twitter:label1\" content=\"\u00c9crit par\" \/>\n\t<meta name=\"twitter:data1\" content=\"gbarjou\" \/>\n\t<meta name=\"twitter:label2\" content=\"Dur\u00e9e de lecture estim\u00e9e\" \/>\n\t<meta name=\"twitter:data2\" content=\"2 minutes\" \/>\n<script type=\"application\/ld+json\" class=\"yoast-schema-graph\">{\"@context\":\"https:\\\/\\\/schema.org\",\"@graph\":[{\"@type\":\"Article\",\"@id\":\"https:\\\/\\\/spectrumseurope.com\\\/fr\\\/notre-laboratoire-desormais-certifie-ab\\\/#article\",\"isPartOf\":{\"@id\":\"https:\\\/\\\/spectrumseurope.com\\\/fr\\\/notre-laboratoire-desormais-certifie-ab\\\/\"},\"author\":{\"name\":\"gbarjou\",\"@id\":\"https:\\\/\\\/spectrumseurope.com\\\/#\\\/schema\\\/person\\\/3c82fc8e02797bd0a268914425de9614\"},\"headline\":\"Notre laboratoire d\u00e9sormais certifi\u00e9 AB\",\"datePublished\":\"2025-03-10T08:50:56+00:00\",\"dateModified\":\"2025-06-24T06:38:52+00:00\",\"mainEntityOfPage\":{\"@id\":\"https:\\\/\\\/spectrumseurope.com\\\/fr\\\/notre-laboratoire-desormais-certifie-ab\\\/\"},\"wordCount\":287,\"publisher\":{\"@id\":\"https:\\\/\\\/spectrumseurope.com\\\/#organization\"},\"image\":{\"@id\":\"https:\\\/\\\/spectrumseurope.com\\\/fr\\\/notre-laboratoire-desormais-certifie-ab\\\/#primaryimage\"},\"thumbnailUrl\":\"https:\\\/\\\/spectrumseurope.com\\\/wp-content\\\/uploads\\\/SPECTRUMS_Mosaique_Bio_327x327px_02-320x320_c.png\",\"keywords\":[\"Beaut\u00e9\",\"Bien-\u00catre\",\"Feed\",\"Nutraceutique\"],\"articleSection\":[\"Actualit\u00e9s\",\"Fond 3\",\"Format article\",\"Petit blanc\"],\"inLanguage\":\"fr-FR\"},{\"@type\":\"WebPage\",\"@id\":\"https:\\\/\\\/spectrumseurope.com\\\/fr\\\/notre-laboratoire-desormais-certifie-ab\\\/\",\"url\":\"https:\\\/\\\/spectrumseurope.com\\\/fr\\\/notre-laboratoire-desormais-certifie-ab\\\/\",\"name\":\"Notre laboratoire d\u00e9sormais certifi\u00e9 AB - Spectrums Europe\",\"isPartOf\":{\"@id\":\"https:\\\/\\\/spectrumseurope.com\\\/#website\"},\"primaryImageOfPage\":{\"@id\":\"https:\\\/\\\/spectrumseurope.com\\\/fr\\\/notre-laboratoire-desormais-certifie-ab\\\/#primaryimage\"},\"image\":{\"@id\":\"https:\\\/\\\/spectrumseurope.com\\\/fr\\\/notre-laboratoire-desormais-certifie-ab\\\/#primaryimage\"},\"thumbnailUrl\":\"https:\\\/\\\/spectrumseurope.com\\\/wp-content\\\/uploads\\\/SPECTRUMS_Mosaique_Bio_327x327px_02-320x320_c.png\",\"datePublished\":\"2025-03-10T08:50:56+00:00\",\"dateModified\":\"2025-06-24T06:38:52+00:00\",\"breadcrumb\":{\"@id\":\"https:\\\/\\\/spectrumseurope.com\\\/fr\\\/notre-laboratoire-desormais-certifie-ab\\\/#breadcrumb\"},\"inLanguage\":\"fr-FR\",\"potentialAction\":[{\"@type\":\"ReadAction\",\"target\":[\"https:\\\/\\\/spectrumseurope.com\\\/fr\\\/notre-laboratoire-desormais-certifie-ab\\\/\"]}]},{\"@type\":\"ImageObject\",\"inLanguage\":\"fr-FR\",\"@id\":\"https:\\\/\\\/spectrumseurope.com\\\/fr\\\/notre-laboratoire-desormais-certifie-ab\\\/#primaryimage\",\"url\":\"https:\\\/\\\/spectrumseurope.com\\\/wp-content\\\/uploads\\\/SPECTRUMS_Mosaique_Bio_327x327px_02-320x320_c.png\",\"contentUrl\":\"https:\\\/\\\/spectrumseurope.com\\\/wp-content\\\/uploads\\\/SPECTRUMS_Mosaique_Bio_327x327px_02-320x320_c.png\",\"width\":320,\"height\":320,\"caption\":\"Certification AB\"},{\"@type\":\"BreadcrumbList\",\"@id\":\"https:\\\/\\\/spectrumseurope.com\\\/fr\\\/notre-laboratoire-desormais-certifie-ab\\\/#breadcrumb\",\"itemListElement\":[{\"@type\":\"ListItem\",\"position\":1,\"name\":\"Home\",\"item\":\"https:\\\/\\\/spectrumseurope.com\\\/fr\\\/\"},{\"@type\":\"ListItem\",\"position\":2,\"name\":\"Notre laboratoire d\u00e9sormais certifi\u00e9 AB\"}]},{\"@type\":\"WebSite\",\"@id\":\"https:\\\/\\\/spectrumseurope.com\\\/#website\",\"url\":\"https:\\\/\\\/spectrumseurope.com\\\/\",\"name\":\"Spectrums Europe\",\"description\":\"Sp&eacute;cialis&eacute; dans les phytocannabino&iuml;des\",\"publisher\":{\"@id\":\"https:\\\/\\\/spectrumseurope.com\\\/#organization\"},\"potentialAction\":[{\"@type\":\"SearchAction\",\"target\":{\"@type\":\"EntryPoint\",\"urlTemplate\":\"https:\\\/\\\/spectrumseurope.com\\\/?s={search_term_string}\"},\"query-input\":{\"@type\":\"PropertyValueSpecification\",\"valueRequired\":true,\"valueName\":\"search_term_string\"}}],\"inLanguage\":\"fr-FR\"},{\"@type\":\"Organization\",\"@id\":\"https:\\\/\\\/spectrumseurope.com\\\/#organization\",\"name\":\"Spectrums Europe\",\"url\":\"https:\\\/\\\/spectrumseurope.com\\\/\",\"logo\":{\"@type\":\"ImageObject\",\"inLanguage\":\"fr-FR\",\"@id\":\"https:\\\/\\\/spectrumseurope.com\\\/#\\\/schema\\\/logo\\\/image\\\/\",\"url\":\"https:\\\/\\\/spectrumseurope.com\\\/wp-content\\\/uploads\\\/logo-spectrums-europe-optimized.png\",\"contentUrl\":\"https:\\\/\\\/spectrumseurope.com\\\/wp-content\\\/uploads\\\/logo-spectrums-europe-optimized.png\",\"width\":330,\"height\":80,\"caption\":\"Spectrums Europe\"},\"image\":{\"@id\":\"https:\\\/\\\/spectrumseurope.com\\\/#\\\/schema\\\/logo\\\/image\\\/\"}},{\"@type\":\"Person\",\"@id\":\"https:\\\/\\\/spectrumseurope.com\\\/#\\\/schema\\\/person\\\/3c82fc8e02797bd0a268914425de9614\",\"name\":\"gbarjou\",\"url\":\"https:\\\/\\\/spectrumseurope.com\\\/fr\\\/author\\\/gbarjou\\\/\"}]}<\/script>\n<!-- \/ Yoast SEO plugin. -->","yoast_head_json":{"title":"Notre laboratoire d\u00e9sormais certifi\u00e9 AB - Spectrums Europe","robots":{"index":"index","follow":"follow","max-snippet":"max-snippet:-1","max-image-preview":"max-image-preview:large","max-video-preview":"max-video-preview:-1"},"canonical":"https:\/\/spectrumseurope.com\/fr\/notre-laboratoire-desormais-certifie-ab\/","og_locale":"fr_FR","og_type":"article","og_title":"Notre laboratoire d\u00e9sormais certifi\u00e9 AB - Spectrums Europe","og_description":"Notre laboratoire d\u00e9sormais certifi\u00e9 AB Notre laboratoire a re\u00e7u la certification AB actant ainsi sa capacit\u00e9 \u00e0 fabriquer des produits biologiques au sens du nouveau r\u00e8glement europ\u00e9en (UE) 2018\/848. Cette certification s\u2019inscrit dans notre d\u00e9marche visant \u00e0 soutenir avec agilit\u00e9 les acteurs de la nutraceutique engag\u00e9s pour le respect de l\u2019environnement et de la protection","og_url":"https:\/\/spectrumseurope.com\/fr\/notre-laboratoire-desormais-certifie-ab\/","og_site_name":"Spectrums Europe","article_published_time":"2025-03-10T08:50:56+00:00","article_modified_time":"2025-06-24T06:38:52+00:00","og_image":[{"width":320,"height":320,"url":"https:\/\/spectrumseurope.com\/wp-content\/uploads\/SPECTRUMS_Mosaique_Bio_327x327px_02-320x320_c.png","type":"image\/png"}],"author":"gbarjou","twitter_card":"summary_large_image","twitter_misc":{"\u00c9crit par":"gbarjou","Dur\u00e9e de lecture estim\u00e9e":"2 minutes"},"schema":{"@context":"https:\/\/schema.org","@graph":[{"@type":"Article","@id":"https:\/\/spectrumseurope.com\/fr\/notre-laboratoire-desormais-certifie-ab\/#article","isPartOf":{"@id":"https:\/\/spectrumseurope.com\/fr\/notre-laboratoire-desormais-certifie-ab\/"},"author":{"name":"gbarjou","@id":"https:\/\/spectrumseurope.com\/#\/schema\/person\/3c82fc8e02797bd0a268914425de9614"},"headline":"Notre laboratoire d\u00e9sormais certifi\u00e9 AB","datePublished":"2025-03-10T08:50:56+00:00","dateModified":"2025-06-24T06:38:52+00:00","mainEntityOfPage":{"@id":"https:\/\/spectrumseurope.com\/fr\/notre-laboratoire-desormais-certifie-ab\/"},"wordCount":287,"publisher":{"@id":"https:\/\/spectrumseurope.com\/#organization"},"image":{"@id":"https:\/\/spectrumseurope.com\/fr\/notre-laboratoire-desormais-certifie-ab\/#primaryimage"},"thumbnailUrl":"https:\/\/spectrumseurope.com\/wp-content\/uploads\/SPECTRUMS_Mosaique_Bio_327x327px_02-320x320_c.png","keywords":["Beaut\u00e9","Bien-\u00catre","Feed","Nutraceutique"],"articleSection":["Actualit\u00e9s","Fond 3","Format article","Petit blanc"],"inLanguage":"fr-FR"},{"@type":"WebPage","@id":"https:\/\/spectrumseurope.com\/fr\/notre-laboratoire-desormais-certifie-ab\/","url":"https:\/\/spectrumseurope.com\/fr\/notre-laboratoire-desormais-certifie-ab\/","name":"Notre laboratoire d\u00e9sormais certifi\u00e9 AB - Spectrums Europe","isPartOf":{"@id":"https:\/\/spectrumseurope.com\/#website"},"primaryImageOfPage":{"@id":"https:\/\/spectrumseurope.com\/fr\/notre-laboratoire-desormais-certifie-ab\/#primaryimage"},"image":{"@id":"https:\/\/spectrumseurope.com\/fr\/notre-laboratoire-desormais-certifie-ab\/#primaryimage"},"thumbnailUrl":"https:\/\/spectrumseurope.com\/wp-content\/uploads\/SPECTRUMS_Mosaique_Bio_327x327px_02-320x320_c.png","datePublished":"2025-03-10T08:50:56+00:00","dateModified":"2025-06-24T06:38:52+00:00","breadcrumb":{"@id":"https:\/\/spectrumseurope.com\/fr\/notre-laboratoire-desormais-certifie-ab\/#breadcrumb"},"inLanguage":"fr-FR","potentialAction":[{"@type":"ReadAction","target":["https:\/\/spectrumseurope.com\/fr\/notre-laboratoire-desormais-certifie-ab\/"]}]},{"@type":"ImageObject","inLanguage":"fr-FR","@id":"https:\/\/spectrumseurope.com\/fr\/notre-laboratoire-desormais-certifie-ab\/#primaryimage","url":"https:\/\/spectrumseurope.com\/wp-content\/uploads\/SPECTRUMS_Mosaique_Bio_327x327px_02-320x320_c.png","contentUrl":"https:\/\/spectrumseurope.com\/wp-content\/uploads\/SPECTRUMS_Mosaique_Bio_327x327px_02-320x320_c.png","width":320,"height":320,"caption":"Certification AB"},{"@type":"BreadcrumbList","@id":"https:\/\/spectrumseurope.com\/fr\/notre-laboratoire-desormais-certifie-ab\/#breadcrumb","itemListElement":[{"@type":"ListItem","position":1,"name":"Home","item":"https:\/\/spectrumseurope.com\/fr\/"},{"@type":"ListItem","position":2,"name":"Notre laboratoire d\u00e9sormais certifi\u00e9 AB"}]},{"@type":"WebSite","@id":"https:\/\/spectrumseurope.com\/#website","url":"https:\/\/spectrumseurope.com\/","name":"Spectrums Europe","description":"Sp&eacute;cialis&eacute; dans les phytocannabino&iuml;des","publisher":{"@id":"https:\/\/spectrumseurope.com\/#organization"},"potentialAction":[{"@type":"SearchAction","target":{"@type":"EntryPoint","urlTemplate":"https:\/\/spectrumseurope.com\/?s={search_term_string}"},"query-input":{"@type":"PropertyValueSpecification","valueRequired":true,"valueName":"search_term_string"}}],"inLanguage":"fr-FR"},{"@type":"Organization","@id":"https:\/\/spectrumseurope.com\/#organization","name":"Spectrums Europe","url":"https:\/\/spectrumseurope.com\/","logo":{"@type":"ImageObject","inLanguage":"fr-FR","@id":"https:\/\/spectrumseurope.com\/#\/schema\/logo\/image\/","url":"https:\/\/spectrumseurope.com\/wp-content\/uploads\/logo-spectrums-europe-optimized.png","contentUrl":"https:\/\/spectrumseurope.com\/wp-content\/uploads\/logo-spectrums-europe-optimized.png","width":330,"height":80,"caption":"Spectrums Europe"},"image":{"@id":"https:\/\/spectrumseurope.com\/#\/schema\/logo\/image\/"}},{"@type":"Person","@id":"https:\/\/spectrumseurope.com\/#\/schema\/person\/3c82fc8e02797bd0a268914425de9614","name":"gbarjou","url":"https:\/\/spectrumseurope.com\/fr\/author\/gbarjou\/"}]}},"_links":{"self":[{"href":"https:\/\/spectrumseurope.com\/fr\/wp-json\/wp\/v2\/posts\/6610","targetHints":{"allow":["GET"]}}],"collection":[{"href":"https:\/\/spectrumseurope.com\/fr\/wp-json\/wp\/v2\/posts"}],"about":[{"href":"https:\/\/spectrumseurope.com\/fr\/wp-json\/wp\/v2\/types\/post"}],"author":[{"embeddable":true,"href":"https:\/\/spectrumseurope.com\/fr\/wp-json\/wp\/v2\/users\/1"}],"replies":[{"embeddable":true,"href":"https:\/\/spectrumseurope.com\/fr\/wp-json\/wp\/v2\/comments?post=6610"}],"version-history":[{"count":0,"href":"https:\/\/spectrumseurope.com\/fr\/wp-json\/wp\/v2\/posts\/6610\/revisions"}],"wp:featuredmedia":[{"embeddable":true,"href":"https:\/\/spectrumseurope.com\/fr\/wp-json\/wp\/v2\/media\/6617"}],"wp:attachment":[{"href":"https:\/\/spectrumseurope.com\/fr\/wp-json\/wp\/v2\/media?parent=6610"}],"wp:term":[{"taxonomy":"category","embeddable":true,"href":"https:\/\/spectrumseurope.com\/fr\/wp-json\/wp\/v2\/categories?post=6610"},{"taxonomy":"post_tag","embeddable":true,"href":"https:\/\/spectrumseurope.com\/fr\/wp-json\/wp\/v2\/tags?post=6610"}],"curies":[{"name":"wp","href":"https:\/\/api.w.org\/{rel}","templated":true}]}}